{"id":34038,"date":"2022-08-29T13:03:10","date_gmt":"2022-08-29T11:03:10","guid":{"rendered":"http:\/\/www.vestec.cz.uvirt131.active24.cz\/?p=34038"},"modified":"2022-08-29T13:03:10","modified_gmt":"2022-08-29T11:03:10","slug":"vraci-se-bezna-oteviraci-doba-obecniho-uradu","status":"publish","type":"post","link":"https:\/\/vestec.cz\/de\/vraci-se-bezna-oteviraci-doba-obecniho-uradu\/","title":{"rendered":"Die normalen \u00d6ffnungszeiten des Gemeindeamtes sind wieder verf\u00fcgbar"},"content":{"rendered":"<p>Ab Montag, 29.8.2022, beendet das Gemeindeamt seinen Ferienbetrieb. Sie k\u00f6nnen sich wieder jeden Tag um Ihr Gesch\u00e4ft k\u00fcmmern <strong>Montag bis Donnerstag gem\u00e4\u00df den aktuellen B\u00fcrozeiten<\/strong>.<\/p>\n<p>Vertr\u00e4ge f\u00fcr Schulbusse f\u00fcr Sch\u00fcler der Klassen 1 bis 3 k\u00f6nnen von Montag, 29. August, bis Freitag, 2. September, bis 12.00 Uhr im Sekretariat unterzeichnet werden. Danach werden die nicht besetzten Pl\u00e4tze den Vertretern angeboten.<\/p>","protected":false},"excerpt":{"rendered":"<p>Ab Montag, 29.8.2022, beendet das Gemeindeamt seinen Ferienbetrieb. Sie k\u00f6nnen sich wieder jeden Tag um Ihr Gesch\u00e4ft k\u00fcmmern<\/p>","protected":false},"author":11,"featured_media":0,"comment_status":"closed","ping_status":"closed","sticky":false,"template":"","format":"standard","meta":[],"categories":[18],"tags":[],"acf":[],"_links":{"self":[{"href":"https:\/\/vestec.cz\/de\/wp-json\/wp\/v2\/posts\/34038"}],"collection":[{"href":"https:\/\/vestec.cz\/de\/wp-json\/wp\/v2\/posts"}],"about":[{"href":"https:\/\/vestec.cz\/de\/wp-json\/wp\/v2\/types\/post"}],"author":[{"embeddable":true,"href":"https:\/\/vestec.cz\/de\/wp-json\/wp\/v2\/users\/11"}],"replies":[{"embeddable":true,"href":"https:\/\/vestec.cz\/de\/wp-json\/wp\/v2\/comments?post=34038"}],"version-history":[{"count":2,"href":"https:\/\/vestec.cz\/de\/wp-json\/wp\/v2\/posts\/34038\/revisions"}],"predecessor-version":[{"id":34040,"href":"https:\/\/vestec.cz\/de\/wp-json\/wp\/v2\/posts\/34038\/revisions\/34040"}],"wp:attachment":[{"href":"https:\/\/vestec.cz\/de\/wp-json\/wp\/v2\/media?parent=34038"}],"wp:term":[{"taxonomy":"category","embeddable":true,"href":"https:\/\/vestec.cz\/de\/wp-json\/wp\/v2\/categories?post=34038"},{"taxonomy":"post_tag","embeddable":true,"href":"https:\/\/vestec.cz\/de\/wp-json\/wp\/v2\/tags?post=34038"}],"curies":[{"name":"wp","href":"https:\/\/api.w.org\/{rel}","templated":true}]}}