{"id":38825,"date":"2025-02-10T09:36:13","date_gmt":"2025-02-10T08:36:13","guid":{"rendered":"https:\/\/vestec.cz\/?p=38825"},"modified":"2025-02-10T09:36:13","modified_gmt":"2025-02-10T08:36:13","slug":"pozvanka-na-verejnou-prezentaci-zelena-pater","status":"publish","type":"post","link":"https:\/\/vestec.cz\/de\/pozvanka-na-verejnou-prezentaci-zelena-pater\/","title":{"rendered":"Einladung zur \u00f6ffentlichen Pr\u00e4sentation Green Spine"},"content":{"rendered":"<p>Sie sind herzlich zu einem Treffen mit der Gemeindeverwaltung und den Planern anl\u00e4sslich der Pr\u00e4sentation des Vorschlags f\u00fcr die Gr\u00fcne Spinne und die Wasserverh\u00e4ltnisse in der Gemeinde Vestec eingeladen, das am 11. M\u00e4rz 2025 um 18:00 Uhr im Gro\u00dfen Saal des BIOCEV (Pr\u016fmyslov\u00e1 595, Vestec) stattfinden wird.<\/p>\n<p><a href=\"https:\/\/vestec.cz\/wp-content\/uploads\/2025\/02\/plakat_zelena_pater_250311-scaled.jpg\">Zelena_pater_250311.pdf<\/a><\/p>","protected":false},"excerpt":{"rendered":"<p>Sie sind herzlich eingeladen zu einem Treffen mit der Stadtverwaltung und den Planern bei der Pr\u00e4sentation des Vorschlags f\u00fcr die Gr\u00fcnfl\u00e4che<\/p>","protected":false},"author":11,"featured_media":33294,"comment_status":"closed","ping_status":"closed","sticky":false,"template":"","format":"standard","meta":[],"categories":[18],"tags":[],"acf":[],"_links":{"self":[{"href":"https:\/\/vestec.cz\/de\/wp-json\/wp\/v2\/posts\/38825"}],"collection":[{"href":"https:\/\/vestec.cz\/de\/wp-json\/wp\/v2\/posts"}],"about":[{"href":"https:\/\/vestec.cz\/de\/wp-json\/wp\/v2\/types\/post"}],"author":[{"embeddable":true,"href":"https:\/\/vestec.cz\/de\/wp-json\/wp\/v2\/users\/11"}],"replies":[{"embeddable":true,"href":"https:\/\/vestec.cz\/de\/wp-json\/wp\/v2\/comments?post=38825"}],"version-history":[{"count":2,"href":"https:\/\/vestec.cz\/de\/wp-json\/wp\/v2\/posts\/38825\/revisions"}],"predecessor-version":[{"id":38828,"href":"https:\/\/vestec.cz\/de\/wp-json\/wp\/v2\/posts\/38825\/revisions\/38828"}],"wp:featuredmedia":[{"embeddable":true,"href":"https:\/\/vestec.cz\/de\/wp-json\/wp\/v2\/media\/33294"}],"wp:attachment":[{"href":"https:\/\/vestec.cz\/de\/wp-json\/wp\/v2\/media?parent=38825"}],"wp:term":[{"taxonomy":"category","embeddable":true,"href":"https:\/\/vestec.cz\/de\/wp-json\/wp\/v2\/categories?post=38825"},{"taxonomy":"post_tag","embeddable":true,"href":"https:\/\/vestec.cz\/de\/wp-json\/wp\/v2\/tags?post=38825"}],"curies":[{"name":"wp","href":"https:\/\/api.w.org\/{rel}","templated":true}]}}