{"id":41189,"date":"2026-01-05T15:37:18","date_gmt":"2026-01-05T14:37:18","guid":{"rendered":"https:\/\/vestec.cz\/?p=41189"},"modified":"2026-01-05T15:37:18","modified_gmt":"2026-01-05T14:37:18","slug":"v-lednu-probehne-jednani-pracovniku-katastralniho-uradu-s-nekterymi-vlastniky-pozemku-v-obci-vestec","status":"publish","type":"post","link":"https:\/\/vestec.cz\/de\/v-lednu-probehne-jednani-pracovniku-katastralniho-uradu-s-nekterymi-vlastniky-pozemku-v-obci-vestec\/","title":{"rendered":"Im Januar wird das Katasteramt ein Treffen mit einigen Grundbesitzern in der Gemeinde Vestec abhalten"},"content":{"rendered":"<p>Das Katasteramt f\u00fcr die Mittelb\u00f6hmische Region, Katasterarbeitsplatz Prag-West gibt bekannt, dass <strong>in TEIL des Katastergebiets von Vestec u Prahy<\/strong>wenn im Zeitraum 2020-2023 keine neue Kartierung durchgef\u00fchrt wurde, hat er eine vorl\u00e4ufige Feststellung der Nichteinhaltung getroffen. <strong>Um die festgestellten Unstimmigkeiten zu besprechen, wurde ein Termin f\u00fcr Mittwoch, den 21. Januar 2026, und Mittwoch, den 28. Januar 2026, im Restaurant U Klime\u0161\u016f festgelegt.<\/strong>. Alle Eigent\u00fcmer, deren Grundst\u00fccke als nicht konform befunden wurden, <strong>das Katasteramt verschickt eine Einladung<\/strong> um die Nichteinhaltung an einem der oben genannten Termine zu besprechen. Wenn Ihnen dieser Termin nicht passt, ist es m\u00f6glich, Folgendes zu vereinbaren <strong>alternative Termine<\/strong>n f\u00fcr die Verhandlungen direkt beim Katasteramt Prag-West (Pod S\u00eddli\u0161t\u011bm 1800\/9, Praha Kobylisy) sp\u00e4testens <strong>bis 16.1.2026<\/strong>. Die Ansprechpartner sind in der Einladung aufgef\u00fchrt.<\/p>\n<p>Die Eigent\u00fcmer ben\u00f6tigen f\u00fcr die Versammlung einen Ausweis, und jeder Bevollm\u00e4chtigte muss eine f\u00fcr die Versammlung ausgestellte und unterzeichnete Vollmacht vorlegen.<\/p>","protected":false},"excerpt":{"rendered":"<p>Das Katasteramt f\u00fcr die Region Mittelb\u00f6hmen, Katasterarbeitsplatz Prag-West, teilt mit, dass im TEIL des Katastergebiets von Vestec<\/p>","protected":false},"author":11,"featured_media":39093,"comment_status":"closed","ping_status":"closed","sticky":false,"template":"","format":"standard","meta":[],"categories":[18],"tags":[],"acf":[],"_links":{"self":[{"href":"https:\/\/vestec.cz\/de\/wp-json\/wp\/v2\/posts\/41189"}],"collection":[{"href":"https:\/\/vestec.cz\/de\/wp-json\/wp\/v2\/posts"}],"about":[{"href":"https:\/\/vestec.cz\/de\/wp-json\/wp\/v2\/types\/post"}],"author":[{"embeddable":true,"href":"https:\/\/vestec.cz\/de\/wp-json\/wp\/v2\/users\/11"}],"replies":[{"embeddable":true,"href":"https:\/\/vestec.cz\/de\/wp-json\/wp\/v2\/comments?post=41189"}],"version-history":[{"count":2,"href":"https:\/\/vestec.cz\/de\/wp-json\/wp\/v2\/posts\/41189\/revisions"}],"predecessor-version":[{"id":41191,"href":"https:\/\/vestec.cz\/de\/wp-json\/wp\/v2\/posts\/41189\/revisions\/41191"}],"wp:featuredmedia":[{"embeddable":true,"href":"https:\/\/vestec.cz\/de\/wp-json\/wp\/v2\/media\/39093"}],"wp:attachment":[{"href":"https:\/\/vestec.cz\/de\/wp-json\/wp\/v2\/media?parent=41189"}],"wp:term":[{"taxonomy":"category","embeddable":true,"href":"https:\/\/vestec.cz\/de\/wp-json\/wp\/v2\/categories?post=41189"},{"taxonomy":"post_tag","embeddable":true,"href":"https:\/\/vestec.cz\/de\/wp-json\/wp\/v2\/tags?post=41189"}],"curies":[{"name":"wp","href":"https:\/\/api.w.org\/{rel}","templated":true}]}}