{"id":41266,"date":"2026-01-28T13:44:19","date_gmt":"2026-01-28T12:44:19","guid":{"rendered":"https:\/\/vestec.cz\/?p=41266"},"modified":"2026-01-28T13:44:19","modified_gmt":"2026-01-28T12:44:19","slug":"zapisy-do-1-trid-probehnou-uz-v-unoru","status":"publish","type":"post","link":"https:\/\/vestec.cz\/de\/zapisy-do-1-trid-probehnou-uz-v-unoru\/","title":{"rendered":"Z\u00e1pisy do 1. t\u0159\u00edd prob\u011bhnou u\u017e v \u00fanoru"},"content":{"rendered":"<p>Oproti d\u0159\u00edv\u011bj\u0161\u00edm rok\u016fm prob\u00edhaj\u00ed z\u00e1pisy do 1. t\u0159\u00edd z\u00e1kladn\u00edch \u0161kol nov\u011b v term\u00ednu od 15. ledna do 15. \u00fanora. Ka\u017ed\u00e1 \u0161kola si term\u00edn ur\u010duje sama, n\u011bkter\u00e9 d\u00e1vaj\u00ed mo\u017enost registrovat se k z\u00e1pisu p\u0159edem p\u0159es rezerva\u010dn\u00ed syst\u00e9m. Z\u00e1kladn\u00ed \u0161koly, se kter\u00fdmi m\u00e1 obec Vestec uzav\u0159enou smlouvu o spolupr\u00e1ci (Praha 11, Jesenice, Praha-\u0160eberov), budou po\u0159\u00e1dat z\u00e1pisy od 3. 2. 2026. V\u00edce informac\u00ed najdete na str\u00e1nce <a href=\"https:\/\/vestec.cz\/de\/obec-vestec\/skolstvi\/\">Bildung<\/a> a na webov\u00fdch str\u00e1nk\u00e1ch jednotliv\u00fdch \u0161kol.<\/p>","protected":false},"excerpt":{"rendered":"<p>Oproti d\u0159\u00edv\u011bj\u0161\u00edm rok\u016fm prob\u00edhaj\u00ed z\u00e1pisy do 1. t\u0159\u00edd z\u00e1kladn\u00edch \u0161kol nov\u011b v term\u00ednu od 15.<\/p>","protected":false},"author":11,"featured_media":0,"comment_status":"closed","ping_status":"closed","sticky":false,"template":"","format":"standard","meta":[],"categories":[18],"tags":[],"acf":[],"_links":{"self":[{"href":"https:\/\/vestec.cz\/de\/wp-json\/wp\/v2\/posts\/41266"}],"collection":[{"href":"https:\/\/vestec.cz\/de\/wp-json\/wp\/v2\/posts"}],"about":[{"href":"https:\/\/vestec.cz\/de\/wp-json\/wp\/v2\/types\/post"}],"author":[{"embeddable":true,"href":"https:\/\/vestec.cz\/de\/wp-json\/wp\/v2\/users\/11"}],"replies":[{"embeddable":true,"href":"https:\/\/vestec.cz\/de\/wp-json\/wp\/v2\/comments?post=41266"}],"version-history":[{"count":1,"href":"https:\/\/vestec.cz\/de\/wp-json\/wp\/v2\/posts\/41266\/revisions"}],"predecessor-version":[{"id":41267,"href":"https:\/\/vestec.cz\/de\/wp-json\/wp\/v2\/posts\/41266\/revisions\/41267"}],"wp:attachment":[{"href":"https:\/\/vestec.cz\/de\/wp-json\/wp\/v2\/media?parent=41266"}],"wp:term":[{"taxonomy":"category","embeddable":true,"href":"https:\/\/vestec.cz\/de\/wp-json\/wp\/v2\/categories?post=41266"},{"taxonomy":"post_tag","embeddable":true,"href":"https:\/\/vestec.cz\/de\/wp-json\/wp\/v2\/tags?post=41266"}],"curies":[{"name":"wp","href":"https:\/\/api.w.org\/{rel}","templated":true}]}}