{"id":42940,"date":"2026-09-02T14:35:29","date_gmt":"2026-09-02T12:35:29","guid":{"rendered":"https:\/\/vestec.cz\/?p=42940"},"modified":"2026-09-02T14:35:29","modified_gmt":"2026-09-02T12:35:29","slug":"uzavreni-posta-partner-vestec-na-vestecke","status":"publish","type":"post","link":"https:\/\/vestec.cz\/de\/uzavreni-posta-partner-vestec-na-vestecke\/","title":{"rendered":"Uzav\u0159en\u00ed Po\u0161ty Partner Vestec na Vesteck\u00e9 od 3.9.2026"},"content":{"rendered":"<p>Z d\u016fvodu st\u011bhov\u00e1n\u00ed na novou adresu bude od 1. z\u00e1\u0159\u00ed 2026 otev\u00edrac\u00ed doba Po\u0161ty Partner Vestec, U Hrub\u00fdch 650, Vestec,\u00a0 upravena\u00a0n\u00e1sledovn\u011b:<\/p>\n<table style=\"border-collapse: collapse; width: 34.9742%; height: 96px;\">\n<tbody>\n<tr style=\"height: 24px;\">\n<td style=\"width: 14.9408%; height: 24px;\">\u00fater\u00fd 1. 9. 2026<\/td>\n<td style=\"width: 9.13508%; height: 24px;\">8:00 &#8211; 12:00<\/td>\n<td style=\"width: 9.4805%; height: 24px;\">15:00 &#8211; 18:00<\/td>\n<\/tr>\n<tr style=\"height: 24px;\">\n<td style=\"width: 14.9408%; height: 24px;\">st\u0159eda 2. 9. 2026<\/td>\n<td style=\"width: 9.13508%; height: 24px;\">8:00 &#8211; 12:00<\/td>\n<td style=\"width: 9.4805%; height: 24px;\">15:00 &#8211; 18:00<\/td>\n<\/tr>\n<tr style=\"height: 24px;\">\n<td style=\"width: 14.9408%; height: 24px;\">\u010dtvrtek 3. 9. 2026<\/td>\n<td style=\"width: 9.13508%; height: 24px;\">ZAV\u0158ENO<\/td>\n<td style=\"width: 9.4805%; height: 24px;\"><\/td>\n<\/tr>\n<tr style=\"height: 24px;\">\n<td style=\"width: 14.9408%; height: 24px;\">p\u00e1tek 4. 9. 2026<\/td>\n<td style=\"width: 9.13508%; height: 24px;\">ZAV\u0158ENO<\/td>\n<td style=\"width: 9.4805%; height: 24px;\"><\/td>\n<\/tr>\n<\/tbody>\n<\/table>\n<p>Ulo\u017een\u00e9 z\u00e1silky si po dobu uzav\u0159en\u00ed po\u0161ty (ve \u010dtvrtek a v p\u00e1tek) m\u016f\u017eete vyzvednout na po\u0161t\u011b v Jesenici (denn\u011b do 16 hod).<\/p>\n<p><strong>Od pond\u011bl\u00ed 7. z\u00e1\u0159\u00ed 2026 najdete pobo\u010dku Po\u0161ta Partner Vestec\u00a0 na nov\u00e9 adrese: M\u00e1chova 855, Vestec, naproti komunitn\u00ed zahrad\u011b.\u00a0<\/strong> Otev\u0159eno bude m\u00edt denn\u011b 8:00 &#8211; 12:00, 13:00 &#8211; 18:00, v pond\u011bl\u00ed a ve st\u0159edu do 19 hod.<\/p>","protected":false},"excerpt":{"rendered":"<p>Z d\u016fvodu st\u011bhov\u00e1n\u00ed na novou adresu bude od 1. z\u00e1\u0159\u00ed 2026 otev\u00edrac\u00ed doba Po\u0161ty Partner<\/p>","protected":false},"author":11,"featured_media":29170,"comment_status":"closed","ping_status":"closed","sticky":false,"template":"","format":"standard","meta":{"_acf_changed":false,"footnotes":""},"categories":[18],"tags":[],"class_list":["post-42940","post","type-post","status-publish","format-standard","has-post-thumbnail","hentry","category-informace-z-obce"],"acf":[],"_links":{"self":[{"href":"https:\/\/vestec.cz\/de\/wp-json\/wp\/v2\/posts\/42940","targetHints":{"allow":["GET"]}}],"collection":[{"href":"https:\/\/vestec.cz\/de\/wp-json\/wp\/v2\/posts"}],"about":[{"href":"https:\/\/vestec.cz\/de\/wp-json\/wp\/v2\/types\/post"}],"author":[{"embeddable":true,"href":"https:\/\/vestec.cz\/de\/wp-json\/wp\/v2\/users\/11"}],"replies":[{"embeddable":true,"href":"https:\/\/vestec.cz\/de\/wp-json\/wp\/v2\/comments?post=42940"}],"version-history":[{"count":1,"href":"https:\/\/vestec.cz\/de\/wp-json\/wp\/v2\/posts\/42940\/revisions"}],"predecessor-version":[{"id":42941,"href":"https:\/\/vestec.cz\/de\/wp-json\/wp\/v2\/posts\/42940\/revisions\/42941"}],"wp:featuredmedia":[{"embeddable":true,"href":"https:\/\/vestec.cz\/de\/wp-json\/wp\/v2\/media\/29170"}],"wp:attachment":[{"href":"https:\/\/vestec.cz\/de\/wp-json\/wp\/v2\/media?parent=42940"}],"wp:term":[{"taxonomy":"category","embeddable":true,"href":"https:\/\/vestec.cz\/de\/wp-json\/wp\/v2\/categories?post=42940"},{"taxonomy":"post_tag","embeddable":true,"href":"https:\/\/vestec.cz\/de\/wp-json\/wp\/v2\/tags?post=42940"}],"curies":[{"name":"wp","href":"https:\/\/api.w.org\/{rel}","templated":true}]}}