{"id":37879,"date":"2024-07-19T15:54:11","date_gmt":"2024-07-19T13:54:11","guid":{"rendered":"https:\/\/vestec.cz\/?p=37879"},"modified":"2024-07-19T15:54:11","modified_gmt":"2024-07-19T13:54:11","slug":"farmarske-trhy-nove-s-produkty-z-caffe-del-borgo","status":"publish","type":"post","link":"https:\/\/vestec.cz\/en\/farmarske-trhy-nove-s-produkty-z-caffe-del-borgo\/","title":{"rendered":"Farmers' markets now with products from Caff\u00e9 del Borgo"},"content":{"rendered":"<p>From Saturday 20 July you can also buy products from our Caff\u00e9 del Borgo caf\u00e9 at the farmers' market held in the Vestec Community Garden. You can enjoy great coffee, sweet pastries, homemade rye bread with spreads...<\/p>\n<p>Products from Kott's Mill will of course also be on site - homemade pasta, eggs, honey, onions, sausages, pates, goulash, meat and meat products. We look forward to seeing you every Saturday from 9 am to 1 pm in the Vestec Community Garden (entrance from M\u00e1chova Street).<\/p>","protected":false},"excerpt":{"rendered":"<p>From Saturday, 20 July, you can shop at the farmers' market held in the Vestec Community Garden<\/p>","protected":false},"author":11,"featured_media":0,"comment_status":"closed","ping_status":"closed","sticky":false,"template":"","format":"standard","meta":[],"categories":[18],"tags":[],"acf":[],"_links":{"self":[{"href":"https:\/\/vestec.cz\/en\/wp-json\/wp\/v2\/posts\/37879"}],"collection":[{"href":"https:\/\/vestec.cz\/en\/wp-json\/wp\/v2\/posts"}],"about":[{"href":"https:\/\/vestec.cz\/en\/wp-json\/wp\/v2\/types\/post"}],"author":[{"embeddable":true,"href":"https:\/\/vestec.cz\/en\/wp-json\/wp\/v2\/users\/11"}],"replies":[{"embeddable":true,"href":"https:\/\/vestec.cz\/en\/wp-json\/wp\/v2\/comments?post=37879"}],"version-history":[{"count":1,"href":"https:\/\/vestec.cz\/en\/wp-json\/wp\/v2\/posts\/37879\/revisions"}],"predecessor-version":[{"id":37881,"href":"https:\/\/vestec.cz\/en\/wp-json\/wp\/v2\/posts\/37879\/revisions\/37881"}],"wp:attachment":[{"href":"https:\/\/vestec.cz\/en\/wp-json\/wp\/v2\/media?parent=37879"}],"wp:term":[{"taxonomy":"category","embeddable":true,"href":"https:\/\/vestec.cz\/en\/wp-json\/wp\/v2\/categories?post=37879"},{"taxonomy":"post_tag","embeddable":true,"href":"https:\/\/vestec.cz\/en\/wp-json\/wp\/v2\/tags?post=37879"}],"curies":[{"name":"wp","href":"https:\/\/api.w.org\/{rel}","templated":true}]}}