{"id":41938,"date":"2026-04-28T11:44:24","date_gmt":"2026-04-28T09:44:24","guid":{"rendered":"https:\/\/vestec.cz\/?p=41938"},"modified":"2026-04-28T11:44:24","modified_gmt":"2026-04-28T09:44:24","slug":"uzavreni-obecniho-uradu-ve-stredu-29-4-od-8h-do-10h","status":"publish","type":"post","link":"https:\/\/vestec.cz\/en\/uzavreni-obecniho-uradu-ve-stredu-29-4-od-8h-do-10h\/","title":{"rendered":"Uzav\u0159en\u00ed obecn\u00edho \u00fa\u0159adu ve st\u0159edu 29.4. od 8h do 10h"},"content":{"rendered":"<p>Obecn\u00ed \u00fa\u0159ad Vestec bude ve st\u0159edu 29. 4. 2026 do\u010dasn\u011b uzav\u0159en v \u010dase 8:00 &#8211; 10:00. Z technick\u00fdch d\u016fvod\u016f nebude mo\u017en\u00e9 po tuto dobu vyd\u00e1vat v\u00fdpisy z Czech POINT.<\/p>\n<p>Thank you for your understanding.<\/p>","protected":false},"excerpt":{"rendered":"<p>Obecn\u00ed \u00fa\u0159ad Vestec bude ve st\u0159edu 29. 4. 2026 do\u010dasn\u011b uzav\u0159en v \u010dase 8:00 &#8211;<\/p>","protected":false},"author":11,"featured_media":39653,"comment_status":"closed","ping_status":"closed","sticky":false,"template":"","format":"standard","meta":[],"categories":[18],"tags":[],"acf":[],"_links":{"self":[{"href":"https:\/\/vestec.cz\/en\/wp-json\/wp\/v2\/posts\/41938"}],"collection":[{"href":"https:\/\/vestec.cz\/en\/wp-json\/wp\/v2\/posts"}],"about":[{"href":"https:\/\/vestec.cz\/en\/wp-json\/wp\/v2\/types\/post"}],"author":[{"embeddable":true,"href":"https:\/\/vestec.cz\/en\/wp-json\/wp\/v2\/users\/11"}],"replies":[{"embeddable":true,"href":"https:\/\/vestec.cz\/en\/wp-json\/wp\/v2\/comments?post=41938"}],"version-history":[{"count":2,"href":"https:\/\/vestec.cz\/en\/wp-json\/wp\/v2\/posts\/41938\/revisions"}],"predecessor-version":[{"id":41940,"href":"https:\/\/vestec.cz\/en\/wp-json\/wp\/v2\/posts\/41938\/revisions\/41940"}],"wp:featuredmedia":[{"embeddable":true,"href":"https:\/\/vestec.cz\/en\/wp-json\/wp\/v2\/media\/39653"}],"wp:attachment":[{"href":"https:\/\/vestec.cz\/en\/wp-json\/wp\/v2\/media?parent=41938"}],"wp:term":[{"taxonomy":"category","embeddable":true,"href":"https:\/\/vestec.cz\/en\/wp-json\/wp\/v2\/categories?post=41938"},{"taxonomy":"post_tag","embeddable":true,"href":"https:\/\/vestec.cz\/en\/wp-json\/wp\/v2\/tags?post=41938"}],"curies":[{"name":"wp","href":"https:\/\/api.w.org\/{rel}","templated":true}]}}