{"id":41946,"date":"2026-04-29T14:49:19","date_gmt":"2026-04-29T12:49:19","guid":{"rendered":"https:\/\/vestec.cz\/?p=41946"},"modified":"2026-04-29T14:49:19","modified_gmt":"2026-04-29T12:49:19","slug":"carodejnice-ve-vestci","status":"publish","type":"post","link":"https:\/\/vestec.cz\/en\/carodejnice-ve-vestci\/","title":{"rendered":"\u010carod\u011bjnice ve Vestci"},"content":{"rendered":"<p>Pros\u00edme v\u0161echny n\u00e1v\u0161t\u011bvn\u00edky, kte\u0159\u00ed se chystaj\u00ed na vesteck\u00e9 \u010carod\u011bjnice, aby dorazili p\u011b\u0161ky, p\u0159\u00edpadn\u011b vyu\u017eili z\u00e1chytn\u00e9 parkovi\u0161t\u011b na louce za \u0161kolkou.<\/p>\n<p>Akce za\u010d\u00edn\u00e1 v 16:00 na louce za rybn\u00edkem. P\u0159ipravena bude stezka pro d\u011bti a bohat\u00fd program na p\u00f3diu &#8211; <strong>vystoup\u00ed ma\u017eoretky SympA Vestec, Berenika Kohoutov\u00e1, Top Dream Company a Franti\u0161ek\u00a0 Nedv\u011bd ml.<\/strong> Zap\u00e1len\u00ed hranice je odhadov\u00e1no na 19:30, \u010das se ale m\u016f\u017ee m\u00edrn\u011b li\u0161it.<\/p>\n<p>P\u0159ipravena bude opravdu bohat\u00e1 nab\u00eddka st\u00e1nk\u016f s j\u00eddlem i pit\u00edm. K dispozici budou i dv\u011b ohni\u0161t\u011b na op\u00e9k\u00e1n\u00ed bu\u0159t\u016f. Bu\u0159ty lze zakoupit na m\u00edst\u011b. Na akci ji\u017e tradi\u010dn\u011b pou\u017e\u00edv\u00e1me vratn\u00e9 kel\u00edmky s vlastn\u00edm designem za z\u00e1lohu 50 K\u010d a ocen\u00edme, pokud budete m\u00edt tuto z\u00e1lohu p\u0159i sob\u011b.<\/p>\n<p>T\u011b\u0161\u00edme se na V\u00e1s a na v\u0161echny \u010darod\u011bjnick\u00e9 masky!<\/p>\n<p><img decoding=\"async\" loading=\"lazy\" class=\"alignnone size-medium wp-image-41947\" src=\"https:\/\/vestec.cz\/wp-content\/uploads\/2026\/04\/parkovani_cary2026-300x216.jpg\" alt=\"\" width=\"300\" height=\"216\" srcset=\"https:\/\/vestec.cz\/wp-content\/uploads\/2026\/04\/parkovani_cary2026-300x216.jpg 300w, https:\/\/vestec.cz\/wp-content\/uploads\/2026\/04\/parkovani_cary2026-1024x737.jpg 1024w, https:\/\/vestec.cz\/wp-content\/uploads\/2026\/04\/parkovani_cary2026-768x553.jpg 768w, https:\/\/vestec.cz\/wp-content\/uploads\/2026\/04\/parkovani_cary2026-18x12.jpg 18w, https:\/\/vestec.cz\/wp-content\/uploads\/2026\/04\/parkovani_cary2026-751x540.jpg 751w, https:\/\/vestec.cz\/wp-content\/uploads\/2026\/04\/parkovani_cary2026.jpg 1155w\" sizes=\"(max-width: 300px) 100vw, 300px\" \/><\/p>\n<p><a href=\"https:\/\/vestec.cz\/wp-content\/uploads\/2026\/04\/parkovani_cary2026.jpg\">parkov\u00e1n\u00ed_\u010darod\u011bjnice2026<\/a><\/p>","protected":false},"excerpt":{"rendered":"<p>Pros\u00edme v\u0161echny n\u00e1v\u0161t\u011bvn\u00edky, kte\u0159\u00ed se chystaj\u00ed na vesteck\u00e9 \u010carod\u011bjnice, aby dorazili p\u011b\u0161ky, p\u0159\u00edpadn\u011b vyu\u017eili z\u00e1chytn\u00e9<\/p>","protected":false},"author":11,"featured_media":39348,"comment_status":"closed","ping_status":"closed","sticky":false,"template":"","format":"standard","meta":[],"categories":[18],"tags":[],"acf":[],"_links":{"self":[{"href":"https:\/\/vestec.cz\/en\/wp-json\/wp\/v2\/posts\/41946"}],"collection":[{"href":"https:\/\/vestec.cz\/en\/wp-json\/wp\/v2\/posts"}],"about":[{"href":"https:\/\/vestec.cz\/en\/wp-json\/wp\/v2\/types\/post"}],"author":[{"embeddable":true,"href":"https:\/\/vestec.cz\/en\/wp-json\/wp\/v2\/users\/11"}],"replies":[{"embeddable":true,"href":"https:\/\/vestec.cz\/en\/wp-json\/wp\/v2\/comments?post=41946"}],"version-history":[{"count":1,"href":"https:\/\/vestec.cz\/en\/wp-json\/wp\/v2\/posts\/41946\/revisions"}],"predecessor-version":[{"id":41948,"href":"https:\/\/vestec.cz\/en\/wp-json\/wp\/v2\/posts\/41946\/revisions\/41948"}],"wp:featuredmedia":[{"embeddable":true,"href":"https:\/\/vestec.cz\/en\/wp-json\/wp\/v2\/media\/39348"}],"wp:attachment":[{"href":"https:\/\/vestec.cz\/en\/wp-json\/wp\/v2\/media?parent=41946"}],"wp:term":[{"taxonomy":"category","embeddable":true,"href":"https:\/\/vestec.cz\/en\/wp-json\/wp\/v2\/categories?post=41946"},{"taxonomy":"post_tag","embeddable":true,"href":"https:\/\/vestec.cz\/en\/wp-json\/wp\/v2\/tags?post=41946"}],"curies":[{"name":"wp","href":"https:\/\/api.w.org\/{rel}","templated":true}]}}