{"id":42862,"date":"2026-09-01T13:46:38","date_gmt":"2026-09-01T11:46:38","guid":{"rendered":"https:\/\/vestec.cz\/?p=42862"},"modified":"2026-09-01T13:46:38","modified_gmt":"2026-09-01T11:46:38","slug":"dnes-zrusen-odpoledni-skolni-autobus","status":"publish","type":"post","link":"https:\/\/vestec.cz\/en\/dnes-zrusen-odpoledni-skolni-autobus\/","title":{"rendered":"Dnes zru\u0161en odpoledn\u00ed \u0161koln\u00ed autobus"},"content":{"rendered":"<p>Na z\u00e1klad\u011b informace ze \u0161koln\u00ed dru\u017einy, \u017ee \u017e\u00e1dn\u00e9 d\u00edt\u011b nejede odpoledn\u00edm \u0161koln\u00edm spojem, <strong>ru\u0161\u00edme <\/strong>dnes 01. 09. 2026 odpoledn\u00ed autobus. V dal\u0161\u00edch dnech \u0161koln\u00edho vyu\u010dov\u00e1n\u00ed bude jezdit podle platn\u00e9ho j\u00edzdn\u00edho \u0159\u00e1du v 16:35 ze zast\u00e1vky U Kunratick\u00e9ho lesa.<\/p>\n<p>&nbsp;<\/p>","protected":false},"excerpt":{"rendered":"<p>Na z\u00e1klad\u011b informace ze \u0161koln\u00ed dru\u017einy, \u017ee \u017e\u00e1dn\u00e9 d\u00edt\u011b nejede odpoledn\u00edm \u0161koln\u00edm spojem, ru\u0161\u00edme dnes<\/p>","protected":false},"author":11,"featured_media":0,"comment_status":"closed","ping_status":"closed","sticky":false,"template":"","format":"standard","meta":{"_acf_changed":false,"footnotes":""},"categories":[18],"tags":[],"class_list":["post-42862","post","type-post","status-publish","format-standard","hentry","category-informace-z-obce"],"acf":[],"_links":{"self":[{"href":"https:\/\/vestec.cz\/en\/wp-json\/wp\/v2\/posts\/42862","targetHints":{"allow":["GET"]}}],"collection":[{"href":"https:\/\/vestec.cz\/en\/wp-json\/wp\/v2\/posts"}],"about":[{"href":"https:\/\/vestec.cz\/en\/wp-json\/wp\/v2\/types\/post"}],"author":[{"embeddable":true,"href":"https:\/\/vestec.cz\/en\/wp-json\/wp\/v2\/users\/11"}],"replies":[{"embeddable":true,"href":"https:\/\/vestec.cz\/en\/wp-json\/wp\/v2\/comments?post=42862"}],"version-history":[{"count":1,"href":"https:\/\/vestec.cz\/en\/wp-json\/wp\/v2\/posts\/42862\/revisions"}],"predecessor-version":[{"id":42863,"href":"https:\/\/vestec.cz\/en\/wp-json\/wp\/v2\/posts\/42862\/revisions\/42863"}],"wp:attachment":[{"href":"https:\/\/vestec.cz\/en\/wp-json\/wp\/v2\/media?parent=42862"}],"wp:term":[{"taxonomy":"category","embeddable":true,"href":"https:\/\/vestec.cz\/en\/wp-json\/wp\/v2\/categories?post=42862"},{"taxonomy":"post_tag","embeddable":true,"href":"https:\/\/vestec.cz\/en\/wp-json\/wp\/v2\/tags?post=42862"}],"curies":[{"name":"wp","href":"https:\/\/api.w.org\/{rel}","templated":true}]}}