{"id":42867,"date":"2026-09-01T15:13:44","date_gmt":"2026-09-01T13:13:44","guid":{"rendered":"https:\/\/vestec.cz\/?p=42867"},"modified":"2026-09-01T15:16:28","modified_gmt":"2026-09-01T13:16:28","slug":"zahajeni-rizeni-o-zmene-prubehu-katastralni-hranice-mezi-jesenici-a-vestcem","status":"publish","type":"post","link":"https:\/\/vestec.cz\/en\/zahajeni-rizeni-o-zmene-prubehu-katastralni-hranice-mezi-jesenici-a-vestcem\/","title":{"rendered":"Zah\u00e1jen\u00ed \u0159\u00edzen\u00ed o zm\u011bn\u011b pr\u016fb\u011bhu katastr\u00e1ln\u00ed hranice mezi Jesenic\u00ed a Vestcem"},"content":{"rendered":"<p>Katastr\u00e1ln\u00ed \u00fa\u0159ad pro St\u0159edo\u010desk\u00fd kraj, katastr\u00e1ln\u00ed pracovi\u0161t\u011b Praha-z\u00e1pad, zah\u00e1jil na z\u00e1klad\u011b n\u00e1vrhu obce Vestec \u0159\u00edzen\u00ed na zm\u011bnu katastr\u00e1ln\u00edch hranic mezi Jesenic\u00ed a Vestcem. V sou\u010dasn\u00e9 dob\u011b b\u011b\u017e\u00ed \u00fa\u010dastn\u00edk\u016fm \u0159\u00edzen\u00ed (vlastn\u00edk\u016fm dot\u010den\u00fdch nemovitost\u00ed a dot\u010den\u00fdch obc\u00ed) lh\u016fta pro vyj\u00e1d\u0159en\u00ed se k n\u00e1vrhu, kter\u00fd jim byl zasl\u00e1n.<\/p>\n<p>Obec Vestec a M\u011bsto Jesenice uzav\u0159ely v \u010dervenci 2026 Dohodu o zm\u011bn\u011b pr\u016fb\u011bhu hranic katastr\u00e1ln\u00edch \u00fazem\u00ed a hranic obc\u00ed, kter\u00e1 se t\u00fdk\u00e1 p\u0159evodu n\u011bkolika pozemk\u016f tak, aby se v\u00edce &#8222;narovnaly&#8220; katastr\u00e1ln\u00ed hranice obou obc\u00ed &#8211; viz n\u00e1sleduj\u00edc\u00ed <a href=\"https:\/\/vestec.cz\/wp-content\/uploads\/2026\/09\/zmena_hranic_vestec_jesenice_2026_1-scaled.jpg\">obr\u00e1zek<\/a>.<\/p>\n<p><img loading=\"lazy\" decoding=\"async\" class=\"alignnone wp-image-42868\" src=\"https:\/\/vestec.cz\/wp-content\/uploads\/2026\/09\/zmena_hranic_vestec_jesenice_2026_1-300x300.jpg\" alt=\"\" width=\"434\" height=\"434\" srcset=\"https:\/\/vestec.cz\/wp-content\/uploads\/2026\/09\/zmena_hranic_vestec_jesenice_2026_1-300x300.jpg 300w, https:\/\/vestec.cz\/wp-content\/uploads\/2026\/09\/zmena_hranic_vestec_jesenice_2026_1-1024x1024.jpg 1024w, https:\/\/vestec.cz\/wp-content\/uploads\/2026\/09\/zmena_hranic_vestec_jesenice_2026_1-150x150.jpg 150w, https:\/\/vestec.cz\/wp-content\/uploads\/2026\/09\/zmena_hranic_vestec_jesenice_2026_1-768x768.jpg 768w, https:\/\/vestec.cz\/wp-content\/uploads\/2026\/09\/zmena_hranic_vestec_jesenice_2026_1-1536x1536.jpg 1536w, https:\/\/vestec.cz\/wp-content\/uploads\/2026\/09\/zmena_hranic_vestec_jesenice_2026_1-2048x2048.jpg 2048w, https:\/\/vestec.cz\/wp-content\/uploads\/2026\/09\/zmena_hranic_vestec_jesenice_2026_1-12x12.jpg 12w, https:\/\/vestec.cz\/wp-content\/uploads\/2026\/09\/zmena_hranic_vestec_jesenice_2026_1-400x400.jpg 400w, https:\/\/vestec.cz\/wp-content\/uploads\/2026\/09\/zmena_hranic_vestec_jesenice_2026_1-500x500.jpg 500w, https:\/\/vestec.cz\/wp-content\/uploads\/2026\/09\/zmena_hranic_vestec_jesenice_2026_1-640x640.jpg 640w, https:\/\/vestec.cz\/wp-content\/uploads\/2026\/09\/zmena_hranic_vestec_jesenice_2026_1-1080x1080.jpg 1080w, https:\/\/vestec.cz\/wp-content\/uploads\/2026\/09\/zmena_hranic_vestec_jesenice_2026_1-540x540.jpg 540w, https:\/\/vestec.cz\/wp-content\/uploads\/2026\/09\/zmena_hranic_vestec_jesenice_2026_1-1320x1320.jpg 1320w\" sizes=\"auto, (max-width: 434px) 100vw, 434px\" \/><\/p>","protected":false},"excerpt":{"rendered":"<p>Katastr\u00e1ln\u00ed \u00fa\u0159ad pro St\u0159edo\u010desk\u00fd kraj, katastr\u00e1ln\u00ed pracovi\u0161t\u011b Praha-z\u00e1pad, zah\u00e1jil na z\u00e1klad\u011b n\u00e1vrhu obce Vestec \u0159\u00edzen\u00ed<\/p>","protected":false},"author":11,"featured_media":0,"comment_status":"closed","ping_status":"closed","sticky":false,"template":"","format":"standard","meta":{"_acf_changed":false,"footnotes":""},"categories":[18],"tags":[],"class_list":["post-42867","post","type-post","status-publish","format-standard","hentry","category-informace-z-obce"],"acf":[],"_links":{"self":[{"href":"https:\/\/vestec.cz\/en\/wp-json\/wp\/v2\/posts\/42867","targetHints":{"allow":["GET"]}}],"collection":[{"href":"https:\/\/vestec.cz\/en\/wp-json\/wp\/v2\/posts"}],"about":[{"href":"https:\/\/vestec.cz\/en\/wp-json\/wp\/v2\/types\/post"}],"author":[{"embeddable":true,"href":"https:\/\/vestec.cz\/en\/wp-json\/wp\/v2\/users\/11"}],"replies":[{"embeddable":true,"href":"https:\/\/vestec.cz\/en\/wp-json\/wp\/v2\/comments?post=42867"}],"version-history":[{"count":2,"href":"https:\/\/vestec.cz\/en\/wp-json\/wp\/v2\/posts\/42867\/revisions"}],"predecessor-version":[{"id":42870,"href":"https:\/\/vestec.cz\/en\/wp-json\/wp\/v2\/posts\/42867\/revisions\/42870"}],"wp:attachment":[{"href":"https:\/\/vestec.cz\/en\/wp-json\/wp\/v2\/media?parent=42867"}],"wp:term":[{"taxonomy":"category","embeddable":true,"href":"https:\/\/vestec.cz\/en\/wp-json\/wp\/v2\/categories?post=42867"},{"taxonomy":"post_tag","embeddable":true,"href":"https:\/\/vestec.cz\/en\/wp-json\/wp\/v2\/tags?post=42867"}],"curies":[{"name":"wp","href":"https:\/\/api.w.org\/{rel}","templated":true}]}}