{"id":42871,"date":"2026-09-02T08:31:55","date_gmt":"2026-09-02T06:31:55","guid":{"rendered":"https:\/\/vestec.cz\/?p=42871"},"modified":"2026-09-01T15:44:56","modified_gmt":"2026-09-01T13:44:56","slug":"zapojte-se-do-dotaznikoveho-setreni-mz-ohledne-hospodareni-s-vodou","status":"publish","type":"post","link":"https:\/\/vestec.cz\/en\/zapojte-se-do-dotaznikoveho-setreni-mz-ohledne-hospodareni-s-vodou\/","title":{"rendered":"Zapojte se do dotazn\u00edkov\u00e9ho \u0161et\u0159en\u00ed MZ ohledn\u011b hospoda\u0159en\u00ed s vodou"},"content":{"rendered":"<p>Ministerstvo zem\u011bd\u011blstv\u00ed ve spolupr\u00e1ci s \u00dastavem zem\u011bd\u011blsk\u00e9 ekonomiky a informac\u00ed (\u00daZEI) realizuje dotazn\u00edkov\u00e9 \u0161et\u0159en\u00ed zam\u011b\u0159en\u00e9 na pl\u00e1nov\u00e1n\u00ed v oblasti vod v \u010cesk\u00e9 republice. \u0160et\u0159en\u00ed navazuje na obdobn\u00fd pr\u016fzkum uskute\u010dn\u011bn\u00fd v roce 2018 a jeho c\u00edlem je zachytit aktu\u00e1ln\u00ed n\u00e1zory z\u00e1stupc\u016f obc\u00ed a tak\u00e9 ve\u0159ejnosti na ot\u00e1zky souvisej\u00edc\u00ed s hospoda\u0159en\u00edm s vodou. Va\u0161e odpov\u011bdi pomohou z\u00edskat podklady pro dal\u0161\u00ed pl\u00e1nov\u00e1n\u00ed v oblasti vod, zejm\u00e9na p\u0159i hodnocen\u00ed opat\u0159en\u00ed obsa\u017een\u00fdch v pl\u00e1nech povod\u00ed, mo\u017enost\u00ed adaptace na zm\u011bnu klimatu a zapojov\u00e1n\u00ed ve\u0159ejnosti do rozhodovac\u00edch proces\u016f.<\/p>\n<p>Odkaz na dotazn\u00edk pro ve\u0159ejnost najdete zde: <a href=\"https:\/\/ee-eu.kobotoolbox.org\/x\/c2T0kNJo\"><strong>Dotazn\u00edk pro ve\u0159ejnost<\/strong><\/a><\/p>\n<p>Dotazn\u00edk neobsahuje ot\u00e1zky na osobn\u00ed \u00fadaje a v\u00fdsledky budou anonymizov\u00e1ny a vyhodnocov\u00e1ny pouze v souhrnn\u00e9 podob\u011b.\u00a0Vypln\u011bn\u00ed dotazn\u00edku zabere p\u0159ibli\u017en\u011b 10 minut a je mo\u017en\u00e9 jej vyplnit do 30.9.2026.<\/p>\n<p>D\u011bkujeme za Va\u0161i ochotu a \u010das v\u011bnovan\u00fd vypln\u011bn\u00ed dotazn\u00edku.<\/p>\n<p>&nbsp;<\/p>","protected":false},"excerpt":{"rendered":"<p>Ministerstvo zem\u011bd\u011blstv\u00ed ve spolupr\u00e1ci s \u00dastavem zem\u011bd\u011blsk\u00e9 ekonomiky a informac\u00ed (\u00daZEI) realizuje dotazn\u00edkov\u00e9 \u0161et\u0159en\u00ed zam\u011b\u0159en\u00e9<\/p>","protected":false},"author":11,"featured_media":42875,"comment_status":"closed","ping_status":"closed","sticky":false,"template":"","format":"standard","meta":{"_acf_changed":false,"footnotes":""},"categories":[18],"tags":[],"class_list":["post-42871","post","type-post","status-publish","format-standard","has-post-thumbnail","hentry","category-informace-z-obce"],"acf":[],"_links":{"self":[{"href":"https:\/\/vestec.cz\/en\/wp-json\/wp\/v2\/posts\/42871","targetHints":{"allow":["GET"]}}],"collection":[{"href":"https:\/\/vestec.cz\/en\/wp-json\/wp\/v2\/posts"}],"about":[{"href":"https:\/\/vestec.cz\/en\/wp-json\/wp\/v2\/types\/post"}],"author":[{"embeddable":true,"href":"https:\/\/vestec.cz\/en\/wp-json\/wp\/v2\/users\/11"}],"replies":[{"embeddable":true,"href":"https:\/\/vestec.cz\/en\/wp-json\/wp\/v2\/comments?post=42871"}],"version-history":[{"count":3,"href":"https:\/\/vestec.cz\/en\/wp-json\/wp\/v2\/posts\/42871\/revisions"}],"predecessor-version":[{"id":42876,"href":"https:\/\/vestec.cz\/en\/wp-json\/wp\/v2\/posts\/42871\/revisions\/42876"}],"wp:featuredmedia":[{"embeddable":true,"href":"https:\/\/vestec.cz\/en\/wp-json\/wp\/v2\/media\/42875"}],"wp:attachment":[{"href":"https:\/\/vestec.cz\/en\/wp-json\/wp\/v2\/media?parent=42871"}],"wp:term":[{"taxonomy":"category","embeddable":true,"href":"https:\/\/vestec.cz\/en\/wp-json\/wp\/v2\/categories?post=42871"},{"taxonomy":"post_tag","embeddable":true,"href":"https:\/\/vestec.cz\/en\/wp-json\/wp\/v2\/tags?post=42871"}],"curies":[{"name":"wp","href":"https:\/\/api.w.org\/{rel}","templated":true}]}}